{"id":1460,"date":"2019-08-05T17:52:34","date_gmt":"2019-08-05T15:52:34","guid":{"rendered":"http:\/\/safinstantdz.com\/?p=1460"},"modified":"2019-08-05T17:57:10","modified_gmt":"2019-08-05T15:57:10","slug":"saf-instant-fait-etape-en-kabylie-dans-le-village-diguersafene-au-coeur-de-lalgerie-saison-2","status":"publish","type":"post","link":"https:\/\/safinstantdz.com\/fr\/saf-instant-fait-etape-en-kabylie-dans-le-village-diguersafene-au-coeur-de-lalgerie-saison-2\/","title":{"rendered":"Saf-instant fait \u00e9tape en Kabylie, dans le village d\u2019Iguersafene \u2013 Au C\u0153ur de l\u2019Alg\u00e9rie Saison 2"},"content":{"rendered":"<div class=\"wpb-content-wrapper\"><p>[vc_row css_animation=&#8221;&#8221; row_type=&#8221;row&#8221; use_row_as_full_screen_section=&#8221;no&#8221; type=&#8221;full_width&#8221; angled_section=&#8221;no&#8221; text_align=&#8221;left&#8221; background_image_as_pattern=&#8221;without_pattern&#8221; css=&#8221;.vc_custom_1530277480601{padding-top: 10px !important;}&#8221; z_index=&#8221;&#8221;][vc_column][vc_column_text]<strong>Pour cette avant-derni\u00e8re \u00e9tape de l\u2019\u00e9mission au c\u0153ur de l\u2019Alg\u00e9rie, <a href=\"http:\/\/safinstantdz.com\/fr\/\">saf-instant<\/a> prend la route pour pr\u00e8s de 500km en direction de la Kabylie, plus pr\u00e9cis\u00e9ment vers le village d\u2019Iguersafene, situ\u00e9 \u00e0 quelques kilom\u00e8tres de Tizi Ouzou, chef-lieu de la Wilaya.<\/strong>[\/vc_column_text][vc_separator type=&#8221;transparent&#8221; up=&#8221;15&#8243; down=&#8221;15&#8243;][\/vc_column][vc_column][vc_column_text]Situ\u00e9e dans le nord de l\u2019Alg\u00e9rie et \u00e0 l\u2019est d\u2019Alger, la Kabylie est dens\u00e9ment peupl\u00e9e avec plus de 6 millions d\u2019habitants. B\u00e2tie entre montagnes et littoral, cette r\u00e9gion est une merveille de diversit\u00e9 et de richesses. Une diversit\u00e9 que l\u2019on retrouve au niveau des paysages, des sols, du climat et de l\u2019agriculture. Le sommet de Lalla Khedidja, par exemple, culmine \u00e0 plus de 2300 m\u00e8tres. Les hivers dans les villages l\u2019entourant y sont particuli\u00e8rement froids et vigoureux, tandis que la p\u00e9riode d\u2019\u00e9t\u00e9 peut s\u2019av\u00e9rer s\u00e8che et aride. Plus nous prenons en altitude, plus les paysages changent, les villages en bas plateaux sont verdoyants, tandis que la neige est visible sur les hauts sommets. La route se complique au fil des kilom\u00e8tres nous rapprochant du village d\u2019Iguersafene, la neige commence \u00e0 tomber et couvrir la route, le froid s\u2019intensifie\u2026<\/p>\n<p><img loading=\"lazy\" decoding=\"async\" class=\"alignleft size-medium wp-image-1463\" src=\"http:\/\/safinstantdz.com\/wp-content\/uploads\/2019\/08\/Saf-instant-1-300x199.jpg\" alt=\"saf-instant algerie\" width=\"300\" height=\"199\" srcset=\"https:\/\/safinstantdz.com\/wp-content\/uploads\/2019\/08\/Saf-instant-1-300x199.jpg 300w, https:\/\/safinstantdz.com\/wp-content\/uploads\/2019\/08\/Saf-instant-1-768x511.jpg 768w, https:\/\/safinstantdz.com\/wp-content\/uploads\/2019\/08\/Saf-instant-1-1024x681.jpg 1024w, https:\/\/safinstantdz.com\/wp-content\/uploads\/2019\/08\/Saf-instant-1-700x465.jpg 700w, https:\/\/safinstantdz.com\/wp-content\/uploads\/2019\/08\/Saf-instant-1.jpg 1718w\" sizes=\"auto, (max-width: 300px) 100vw, 300px\" \/>Quel spectacle merveilleux\u00a0! Les arr\u00eats sont nombreux sur la route pour photographier ces nombreuses variations de couleurs, de v\u00e9g\u00e9tations et de lumi\u00e8res. Des \u00e9toiles pleins les yeux\u2026 Les habitants de ces villages sont ravis de nous accueillir et nous guider, pas le moins du monde d\u00e9rang\u00e9s par la neige, qui ne cesse de tomber. La Kabylie est connue pour son sens de l\u2019accueil et les premi\u00e8res rencontres nous font croire que cette r\u00e9putation est tout sauf usurp\u00e9e. Nous arrivons \u00e0 Iguersafene, toute de blanc v\u00eatue, o\u00f9 nous rencontrons dans un premier temps l\u2019administrateur du village, ravi d\u2019accueillir <a href=\"http:\/\/safinstantdz.com\/fr\/saf-instant-la-levure-de-reference\/\">Saf-instant<\/a> pour cette aventure qui s\u2019annonce riche en \u00e9motions.[\/vc_column_text][\/vc_column][\/vc_row][vc_row css_animation=&#8221;&#8221; row_type=&#8221;row&#8221; use_row_as_full_screen_section=&#8221;no&#8221; type=&#8221;full_width&#8221; angled_section=&#8221;no&#8221; text_align=&#8221;left&#8221; background_image_as_pattern=&#8221;without_pattern&#8221; css=&#8221;.vc_custom_1557394421540{padding-top: 20px !important;padding-bottom: 25px !important;}&#8221; z_index=&#8221;&#8221;][vc_column][vc_column_text]Nous partons \u00e0 la rencontre de Zahia, notre h\u00f4te du jour. C\u2019est une dame pleine d\u2019\u00e9nergie, qui m\u00e8ne de front une multitude de projets\u00a0!<\/p>\n<p><img loading=\"lazy\" decoding=\"async\" class=\"alignleft size-medium wp-image-1465\" src=\"http:\/\/safinstantdz.com\/wp-content\/uploads\/2019\/08\/Saf-instant-2-300x200.jpg\" alt=\"\" width=\"300\" height=\"200\" srcset=\"https:\/\/safinstantdz.com\/wp-content\/uploads\/2019\/08\/Saf-instant-2-300x200.jpg 300w, https:\/\/safinstantdz.com\/wp-content\/uploads\/2019\/08\/Saf-instant-2-768x512.jpg 768w, https:\/\/safinstantdz.com\/wp-content\/uploads\/2019\/08\/Saf-instant-2-1024x683.jpg 1024w, https:\/\/safinstantdz.com\/wp-content\/uploads\/2019\/08\/Saf-instant-2-700x467.jpg 700w, https:\/\/safinstantdz.com\/wp-content\/uploads\/2019\/08\/Saf-instant-2.jpg 1604w\" sizes=\"auto, (max-width: 300px) 100vw, 300px\" \/>Au-del\u00e0 de son m\u00e9tier d\u2019enseignante et de maman de deux adorables filles, Zahia est pr\u00e9sidente de l\u2019association Alma vert et sensibilise les habitants d\u2019Iguersafene et des villages environnants aux sujets du d\u00e9veloppement durable\u00a0de l\u2019\u00e9cologie et du respect de la plan\u00e8te. Elle n\u2019est s\u00fbrement pas \u00e9trang\u00e8re au fait que le village ait \u00e9t\u00e9 r\u00e9compens\u00e9 en 2014 du titre de village le plus propre d\u2019Alg\u00e9rie\u2026 Au-del\u00e0 de ces activit\u00e9s, Zahia est une vraie passionn\u00e9e de cuisine alg\u00e9rienne, kabyle et internationale\u00a0! Elle adore discuter des produits de saison, des recettes de grand-m\u00e8re et de ses voyages culinaires.[\/vc_column_text][\/vc_column][\/vc_row][vc_row css_animation=&#8221;&#8221; row_type=&#8221;row&#8221; use_row_as_full_screen_section=&#8221;no&#8221; type=&#8221;full_width&#8221; angled_section=&#8221;no&#8221; text_align=&#8221;left&#8221; background_image_as_pattern=&#8221;without_pattern&#8221; css=&#8221;.vc_custom_1557394421540{padding-top: 20px !important;padding-bottom: 25px !important;}&#8221; z_index=&#8221;&#8221;][vc_column][vc_column_text]Nous \u00e9tions attendus par le village entier et avons v\u00e9cu une exp\u00e9rience extraordinaire\u2026 Les habitantes d\u2019Iguersafene nous ont rejoint et invit\u00e9 \u00e0 partager des plats locaux concoct\u00e9s par leurs soins. Quelle surprise\u00a0!<\/p>\n<p><img loading=\"lazy\" decoding=\"async\" class=\"alignleft size-medium wp-image-1467\" src=\"http:\/\/safinstantdz.com\/wp-content\/uploads\/2019\/08\/Saf-instant-3-300x199.jpg\" alt=\"\" width=\"300\" height=\"199\" srcset=\"https:\/\/safinstantdz.com\/wp-content\/uploads\/2019\/08\/Saf-instant-3-300x199.jpg 300w, https:\/\/safinstantdz.com\/wp-content\/uploads\/2019\/08\/Saf-instant-3-768x509.jpg 768w, https:\/\/safinstantdz.com\/wp-content\/uploads\/2019\/08\/Saf-instant-3-1024x679.jpg 1024w, https:\/\/safinstantdz.com\/wp-content\/uploads\/2019\/08\/Saf-instant-3-700x464.jpg 700w, https:\/\/safinstantdz.com\/wp-content\/uploads\/2019\/08\/Saf-instant-3.jpg 1728w\" sizes=\"auto, (max-width: 300px) 100vw, 300px\" \/>Nous marquons l\u2019arr\u00eat sous le pr\u00e9au central, \u00e9quip\u00e9 d\u2019un creux o\u00f9 un feu est lanc\u00e9 pour r\u00e9chauffer l\u2019ensemble des convives. Toutes ces personnes sont plus gentilles les unes que les autres, les conversations sont profondes, \u00e9mouvantes, les liens d\u2019amiti\u00e9 se tissent rapidement\u2026 Apr\u00e8s nous \u00eatre recueillis au monument des martyrs d\u2019Iguersafen, nous poursuivons nos \u00e9changes avec les habitants du village, en d\u00e9gustant ces d\u00e9licieux mets traditionnels kabyles (Tahboult, Hmis, Couscous\u2026). Que de belles personnes\u00a0! Nous resterons en contact.[\/vc_column_text][\/vc_column][\/vc_row][vc_row css_animation=&#8221;&#8221; row_type=&#8221;row&#8221; use_row_as_full_screen_section=&#8221;no&#8221; type=&#8221;full_width&#8221; angled_section=&#8221;no&#8221; text_align=&#8221;left&#8221; background_image_as_pattern=&#8221;without_pattern&#8221; css=&#8221;.vc_custom_1557394421540{padding-top: 20px !important;padding-bottom: 25px !important;}&#8221; z_index=&#8221;&#8221;][vc_column][vc_column_text]<img loading=\"lazy\" decoding=\"async\" class=\"alignleft size-medium wp-image-1469\" src=\"http:\/\/safinstantdz.com\/wp-content\/uploads\/2019\/08\/Saf-instant-4-206x300.jpg\" alt=\"\" width=\"206\" height=\"300\" srcset=\"https:\/\/safinstantdz.com\/wp-content\/uploads\/2019\/08\/Saf-instant-4-206x300.jpg 206w, https:\/\/safinstantdz.com\/wp-content\/uploads\/2019\/08\/Saf-instant-4-768x1118.jpg 768w, https:\/\/safinstantdz.com\/wp-content\/uploads\/2019\/08\/Saf-instant-4-703x1024.jpg 703w, https:\/\/safinstantdz.com\/wp-content\/uploads\/2019\/08\/Saf-instant-4-700x1019.jpg 700w, https:\/\/safinstantdz.com\/wp-content\/uploads\/2019\/08\/Saf-instant-4.jpg 904w\" sizes=\"auto, (max-width: 206px) 100vw, 206px\" \/>Nous nous dirigeons maintenant vers le domicile de Zahia, pour pr\u00e9parer ensemble un plat qu\u2019elle souhaite nous faire d\u00e9couvrir et qui plait aux enfants autant qu\u2019aux adultes\u00a0: la pizza kabyle. Entre khobz dar et pizza, ce plat est farci de l\u00e9gumes, apportant fraicheur et croquant. Il nous tarde de d\u00e9guster ceci en compagnie de son adorable famille. D\u00e9cid\u00e9ment\u2026 La Kabylie nous enchante ![\/vc_column_text][\/vc_column][\/vc_row]<\/p>\n<\/div>","protected":false},"excerpt":{"rendered":"<p>Pour cette avant-derni\u00e8re \u00e9tape de l\u2019\u00e9mission au c\u0153ur de l\u2019Alg\u00e9rie, saf-instant prend la route pour pr\u00e8s de 500km en direction de la Kabylie, plus pr\u00e9cis\u00e9ment vers le village d\u2019Iguersafene, situ\u00e9 \u00e0 quelques kilom\u00e8tres de Tizi Ouzou, chef-lieu de la Wilaya.<\/p>\n","protected":false},"author":1,"featured_media":1471,"comment_status":"open","ping_status":"open","sticky":false,"template":"","format":"standard","meta":{"footnotes":""},"categories":[13],"tags":[],"class_list":["post-1460","post","type-post","status-publish","format-standard","has-post-thumbnail","hentry","category-actualites"],"yoast_head":"<!-- This site is optimized with the Yoast SEO Premium plugin v19.5 (Yoast SEO v27.5) - https:\/\/yoast.com\/product\/yoast-seo-premium-wordpress\/ -->\n<title>Saf-instant fait \u00e9tape en Kabylie, dans le village d\u2019Iguersafene \u2013 Au C\u0153ur de l\u2019Alg\u00e9rie Saison 2 &#8226; Saf-Instant Alg\u00e9rie<\/title>\n<meta name=\"description\" content=\"Saf-instant prend la route pour pr\u00e8s de 500km en direction de la Kabylie, vers le village d\u2019Iguersafene, situ\u00e9 \u00e0 quelques kilom\u00e8tres de Tizi Ouzou.\" \/>\n<meta name=\"robots\" content=\"index, follow, max-snippet:-1, max-image-preview:large, max-video-preview:-1\" \/>\n<link rel=\"canonical\" href=\"https:\/\/safinstantdz.com\/fr\/saf-instant-fait-etape-en-kabylie-dans-le-village-diguersafene-au-coeur-de-lalgerie-saison-2\/\" \/>\n<meta property=\"og:locale\" content=\"fr_FR\" \/>\n<meta property=\"og:type\" content=\"article\" \/>\n<meta property=\"og:title\" content=\"Saf-instant fait \u00e9tape en Kabylie, dans le village d\u2019Iguersafene \u2013 Au C\u0153ur de l\u2019Alg\u00e9rie Saison 2\" \/>\n<meta property=\"og:description\" content=\"Saf-instant prend la route pour pr\u00e8s de 500km en direction de la Kabylie, vers le village d\u2019Iguersafene, situ\u00e9 \u00e0 quelques kilom\u00e8tres de Tizi Ouzou.\" \/>\n<meta property=\"og:url\" content=\"https:\/\/safinstantdz.com\/fr\/saf-instant-fait-etape-en-kabylie-dans-le-village-diguersafene-au-coeur-de-lalgerie-saison-2\/\" \/>\n<meta property=\"og:site_name\" content=\"Saf-Instant Alg\u00e9rie\" \/>\n<meta property=\"article:published_time\" content=\"2019-08-05T15:52:34+00:00\" \/>\n<meta property=\"article:modified_time\" content=\"2019-08-05T15:57:10+00:00\" \/>\n<meta property=\"og:image\" content=\"https:\/\/safinstantdz.com\/wp-content\/uploads\/2019\/08\/saf-dz.jpg\" \/>\n\t<meta property=\"og:image:width\" content=\"600\" \/>\n\t<meta property=\"og:image:height\" content=\"400\" \/>\n\t<meta property=\"og:image:type\" content=\"image\/jpeg\" \/>\n<meta name=\"author\" content=\"Saf-Instant\" \/>\n<meta name=\"twitter:card\" content=\"summary_large_image\" \/>\n<meta name=\"twitter:label1\" content=\"\u00c9crit par\" \/>\n\t<meta name=\"twitter:data1\" content=\"Saf-Instant\" \/>\n\t<meta name=\"twitter:label2\" content=\"Dur\u00e9e de lecture estim\u00e9e\" \/>\n\t<meta name=\"twitter:data2\" content=\"4 minutes\" \/>\n<script type=\"application\/ld+json\" class=\"yoast-schema-graph\">{\"@context\":\"https:\\\/\\\/schema.org\",\"@graph\":[{\"@type\":\"Article\",\"@id\":\"https:\\\/\\\/safinstantdz.com\\\/fr\\\/saf-instant-fait-etape-en-kabylie-dans-le-village-diguersafene-au-coeur-de-lalgerie-saison-2\\\/#article\",\"isPartOf\":{\"@id\":\"https:\\\/\\\/safinstantdz.com\\\/fr\\\/saf-instant-fait-etape-en-kabylie-dans-le-village-diguersafene-au-coeur-de-lalgerie-saison-2\\\/\"},\"author\":{\"name\":\"Saf-Instant\",\"@id\":\"https:\\\/\\\/safinstantdz.com\\\/ar\\\/#\\\/schema\\\/person\\\/e81cdfc6f1aca2e077ce4eca2db6c93c\"},\"headline\":\"Saf-instant fait \u00e9tape en Kabylie, dans le village d\u2019Iguersafene \u2013 Au C\u0153ur de l\u2019Alg\u00e9rie Saison 2\",\"datePublished\":\"2019-08-05T15:52:34+00:00\",\"dateModified\":\"2019-08-05T15:57:10+00:00\",\"mainEntityOfPage\":{\"@id\":\"https:\\\/\\\/safinstantdz.com\\\/fr\\\/saf-instant-fait-etape-en-kabylie-dans-le-village-diguersafene-au-coeur-de-lalgerie-saison-2\\\/\"},\"wordCount\":896,\"commentCount\":0,\"image\":{\"@id\":\"https:\\\/\\\/safinstantdz.com\\\/fr\\\/saf-instant-fait-etape-en-kabylie-dans-le-village-diguersafene-au-coeur-de-lalgerie-saison-2\\\/#primaryimage\"},\"thumbnailUrl\":\"https:\\\/\\\/safinstantdz.com\\\/wp-content\\\/uploads\\\/2019\\\/08\\\/saf-dz.jpg\",\"articleSection\":[\"Actualit\u00e9s\"],\"inLanguage\":\"fr-FR\",\"potentialAction\":[{\"@type\":\"CommentAction\",\"name\":\"Comment\",\"target\":[\"https:\\\/\\\/safinstantdz.com\\\/fr\\\/saf-instant-fait-etape-en-kabylie-dans-le-village-diguersafene-au-coeur-de-lalgerie-saison-2\\\/#respond\"]}]},{\"@type\":\"WebPage\",\"@id\":\"https:\\\/\\\/safinstantdz.com\\\/fr\\\/saf-instant-fait-etape-en-kabylie-dans-le-village-diguersafene-au-coeur-de-lalgerie-saison-2\\\/\",\"url\":\"https:\\\/\\\/safinstantdz.com\\\/fr\\\/saf-instant-fait-etape-en-kabylie-dans-le-village-diguersafene-au-coeur-de-lalgerie-saison-2\\\/\",\"name\":\"Saf-instant fait \u00e9tape en Kabylie, dans le village d\u2019Iguersafene \u2013 Au C\u0153ur de l\u2019Alg\u00e9rie Saison 2 &#8226; Saf-Instant Alg\u00e9rie\",\"isPartOf\":{\"@id\":\"https:\\\/\\\/safinstantdz.com\\\/ar\\\/#website\"},\"primaryImageOfPage\":{\"@id\":\"https:\\\/\\\/safinstantdz.com\\\/fr\\\/saf-instant-fait-etape-en-kabylie-dans-le-village-diguersafene-au-coeur-de-lalgerie-saison-2\\\/#primaryimage\"},\"image\":{\"@id\":\"https:\\\/\\\/safinstantdz.com\\\/fr\\\/saf-instant-fait-etape-en-kabylie-dans-le-village-diguersafene-au-coeur-de-lalgerie-saison-2\\\/#primaryimage\"},\"thumbnailUrl\":\"https:\\\/\\\/safinstantdz.com\\\/wp-content\\\/uploads\\\/2019\\\/08\\\/saf-dz.jpg\",\"datePublished\":\"2019-08-05T15:52:34+00:00\",\"dateModified\":\"2019-08-05T15:57:10+00:00\",\"author\":{\"@id\":\"https:\\\/\\\/safinstantdz.com\\\/ar\\\/#\\\/schema\\\/person\\\/e81cdfc6f1aca2e077ce4eca2db6c93c\"},\"description\":\"Saf-instant prend la route pour pr\u00e8s de 500km en direction de la Kabylie, vers le village d\u2019Iguersafene, situ\u00e9 \u00e0 quelques kilom\u00e8tres de Tizi Ouzou.\",\"breadcrumb\":{\"@id\":\"https:\\\/\\\/safinstantdz.com\\\/fr\\\/saf-instant-fait-etape-en-kabylie-dans-le-village-diguersafene-au-coeur-de-lalgerie-saison-2\\\/#breadcrumb\"},\"inLanguage\":\"fr-FR\",\"potentialAction\":[{\"@type\":\"ReadAction\",\"target\":[\"https:\\\/\\\/safinstantdz.com\\\/fr\\\/saf-instant-fait-etape-en-kabylie-dans-le-village-diguersafene-au-coeur-de-lalgerie-saison-2\\\/\"]}]},{\"@type\":\"ImageObject\",\"inLanguage\":\"fr-FR\",\"@id\":\"https:\\\/\\\/safinstantdz.com\\\/fr\\\/saf-instant-fait-etape-en-kabylie-dans-le-village-diguersafene-au-coeur-de-lalgerie-saison-2\\\/#primaryimage\",\"url\":\"https:\\\/\\\/safinstantdz.com\\\/wp-content\\\/uploads\\\/2019\\\/08\\\/saf-dz.jpg\",\"contentUrl\":\"https:\\\/\\\/safinstantdz.com\\\/wp-content\\\/uploads\\\/2019\\\/08\\\/saf-dz.jpg\",\"width\":600,\"height\":400},{\"@type\":\"BreadcrumbList\",\"@id\":\"https:\\\/\\\/safinstantdz.com\\\/fr\\\/saf-instant-fait-etape-en-kabylie-dans-le-village-diguersafene-au-coeur-de-lalgerie-saison-2\\\/#breadcrumb\",\"itemListElement\":[{\"@type\":\"ListItem\",\"position\":1,\"name\":\"Home\",\"item\":\"https:\\\/\\\/safinstantdz.com\\\/fr\\\/\"},{\"@type\":\"ListItem\",\"position\":2,\"name\":\"Saf-instant fait \u00e9tape en Kabylie, dans le village d\u2019Iguersafene \u2013 Au C\u0153ur de l\u2019Alg\u00e9rie Saison 2\"}]},{\"@type\":\"WebSite\",\"@id\":\"https:\\\/\\\/safinstantdz.com\\\/ar\\\/#website\",\"url\":\"https:\\\/\\\/safinstantdz.com\\\/ar\\\/\",\"name\":\"Saf-Instant Alg\u00e9rie\",\"description\":\"la levure s\u00e8che de r\u00e9f\u00e9rence\",\"potentialAction\":[{\"@type\":\"SearchAction\",\"target\":{\"@type\":\"EntryPoint\",\"urlTemplate\":\"https:\\\/\\\/safinstantdz.com\\\/ar\\\/?s={search_term_string}\"},\"query-input\":{\"@type\":\"PropertyValueSpecification\",\"valueRequired\":true,\"valueName\":\"search_term_string\"}}],\"inLanguage\":\"fr-FR\"},{\"@type\":\"Person\",\"@id\":\"https:\\\/\\\/safinstantdz.com\\\/ar\\\/#\\\/schema\\\/person\\\/e81cdfc6f1aca2e077ce4eca2db6c93c\",\"name\":\"Saf-Instant\",\"image\":{\"@type\":\"ImageObject\",\"inLanguage\":\"fr-FR\",\"@id\":\"https:\\\/\\\/safinstantdz.com\\\/wp-content\\\/uploads\\\/2018\\\/08\\\/saf-instant-dz-150x150.png\",\"url\":\"https:\\\/\\\/safinstantdz.com\\\/wp-content\\\/uploads\\\/2018\\\/08\\\/saf-instant-dz-150x150.png\",\"contentUrl\":\"https:\\\/\\\/safinstantdz.com\\\/wp-content\\\/uploads\\\/2018\\\/08\\\/saf-instant-dz-150x150.png\",\"caption\":\"Saf-Instant\"},\"url\":\"https:\\\/\\\/safinstantdz.com\\\/fr\\\/author\\\/olivierovm-communication-fr\\\/\"}]}<\/script>\n<!-- \/ Yoast SEO Premium plugin. -->","yoast_head_json":{"title":"Saf-instant fait \u00e9tape en Kabylie, dans le village d\u2019Iguersafene \u2013 Au C\u0153ur de l\u2019Alg\u00e9rie Saison 2 &#8226; Saf-Instant Alg\u00e9rie","description":"Saf-instant prend la route pour pr\u00e8s de 500km en direction de la Kabylie, vers le village d\u2019Iguersafene, situ\u00e9 \u00e0 quelques kilom\u00e8tres de Tizi Ouzou.","robots":{"index":"index","follow":"follow","max-snippet":"max-snippet:-1","max-image-preview":"max-image-preview:large","max-video-preview":"max-video-preview:-1"},"canonical":"https:\/\/safinstantdz.com\/fr\/saf-instant-fait-etape-en-kabylie-dans-le-village-diguersafene-au-coeur-de-lalgerie-saison-2\/","og_locale":"fr_FR","og_type":"article","og_title":"Saf-instant fait \u00e9tape en Kabylie, dans le village d\u2019Iguersafene \u2013 Au C\u0153ur de l\u2019Alg\u00e9rie Saison 2","og_description":"Saf-instant prend la route pour pr\u00e8s de 500km en direction de la Kabylie, vers le village d\u2019Iguersafene, situ\u00e9 \u00e0 quelques kilom\u00e8tres de Tizi Ouzou.","og_url":"https:\/\/safinstantdz.com\/fr\/saf-instant-fait-etape-en-kabylie-dans-le-village-diguersafene-au-coeur-de-lalgerie-saison-2\/","og_site_name":"Saf-Instant Alg\u00e9rie","article_published_time":"2019-08-05T15:52:34+00:00","article_modified_time":"2019-08-05T15:57:10+00:00","og_image":[{"width":600,"height":400,"url":"https:\/\/safinstantdz.com\/wp-content\/uploads\/2019\/08\/saf-dz.jpg","type":"image\/jpeg"}],"author":"Saf-Instant","twitter_card":"summary_large_image","twitter_misc":{"\u00c9crit par":"Saf-Instant","Dur\u00e9e de lecture estim\u00e9e":"4 minutes"},"schema":{"@context":"https:\/\/schema.org","@graph":[{"@type":"Article","@id":"https:\/\/safinstantdz.com\/fr\/saf-instant-fait-etape-en-kabylie-dans-le-village-diguersafene-au-coeur-de-lalgerie-saison-2\/#article","isPartOf":{"@id":"https:\/\/safinstantdz.com\/fr\/saf-instant-fait-etape-en-kabylie-dans-le-village-diguersafene-au-coeur-de-lalgerie-saison-2\/"},"author":{"name":"Saf-Instant","@id":"https:\/\/safinstantdz.com\/ar\/#\/schema\/person\/e81cdfc6f1aca2e077ce4eca2db6c93c"},"headline":"Saf-instant fait \u00e9tape en Kabylie, dans le village d\u2019Iguersafene \u2013 Au C\u0153ur de l\u2019Alg\u00e9rie Saison 2","datePublished":"2019-08-05T15:52:34+00:00","dateModified":"2019-08-05T15:57:10+00:00","mainEntityOfPage":{"@id":"https:\/\/safinstantdz.com\/fr\/saf-instant-fait-etape-en-kabylie-dans-le-village-diguersafene-au-coeur-de-lalgerie-saison-2\/"},"wordCount":896,"commentCount":0,"image":{"@id":"https:\/\/safinstantdz.com\/fr\/saf-instant-fait-etape-en-kabylie-dans-le-village-diguersafene-au-coeur-de-lalgerie-saison-2\/#primaryimage"},"thumbnailUrl":"https:\/\/safinstantdz.com\/wp-content\/uploads\/2019\/08\/saf-dz.jpg","articleSection":["Actualit\u00e9s"],"inLanguage":"fr-FR","potentialAction":[{"@type":"CommentAction","name":"Comment","target":["https:\/\/safinstantdz.com\/fr\/saf-instant-fait-etape-en-kabylie-dans-le-village-diguersafene-au-coeur-de-lalgerie-saison-2\/#respond"]}]},{"@type":"WebPage","@id":"https:\/\/safinstantdz.com\/fr\/saf-instant-fait-etape-en-kabylie-dans-le-village-diguersafene-au-coeur-de-lalgerie-saison-2\/","url":"https:\/\/safinstantdz.com\/fr\/saf-instant-fait-etape-en-kabylie-dans-le-village-diguersafene-au-coeur-de-lalgerie-saison-2\/","name":"Saf-instant fait \u00e9tape en Kabylie, dans le village d\u2019Iguersafene \u2013 Au C\u0153ur de l\u2019Alg\u00e9rie Saison 2 &#8226; Saf-Instant Alg\u00e9rie","isPartOf":{"@id":"https:\/\/safinstantdz.com\/ar\/#website"},"primaryImageOfPage":{"@id":"https:\/\/safinstantdz.com\/fr\/saf-instant-fait-etape-en-kabylie-dans-le-village-diguersafene-au-coeur-de-lalgerie-saison-2\/#primaryimage"},"image":{"@id":"https:\/\/safinstantdz.com\/fr\/saf-instant-fait-etape-en-kabylie-dans-le-village-diguersafene-au-coeur-de-lalgerie-saison-2\/#primaryimage"},"thumbnailUrl":"https:\/\/safinstantdz.com\/wp-content\/uploads\/2019\/08\/saf-dz.jpg","datePublished":"2019-08-05T15:52:34+00:00","dateModified":"2019-08-05T15:57:10+00:00","author":{"@id":"https:\/\/safinstantdz.com\/ar\/#\/schema\/person\/e81cdfc6f1aca2e077ce4eca2db6c93c"},"description":"Saf-instant prend la route pour pr\u00e8s de 500km en direction de la Kabylie, vers le village d\u2019Iguersafene, situ\u00e9 \u00e0 quelques kilom\u00e8tres de Tizi Ouzou.","breadcrumb":{"@id":"https:\/\/safinstantdz.com\/fr\/saf-instant-fait-etape-en-kabylie-dans-le-village-diguersafene-au-coeur-de-lalgerie-saison-2\/#breadcrumb"},"inLanguage":"fr-FR","potentialAction":[{"@type":"ReadAction","target":["https:\/\/safinstantdz.com\/fr\/saf-instant-fait-etape-en-kabylie-dans-le-village-diguersafene-au-coeur-de-lalgerie-saison-2\/"]}]},{"@type":"ImageObject","inLanguage":"fr-FR","@id":"https:\/\/safinstantdz.com\/fr\/saf-instant-fait-etape-en-kabylie-dans-le-village-diguersafene-au-coeur-de-lalgerie-saison-2\/#primaryimage","url":"https:\/\/safinstantdz.com\/wp-content\/uploads\/2019\/08\/saf-dz.jpg","contentUrl":"https:\/\/safinstantdz.com\/wp-content\/uploads\/2019\/08\/saf-dz.jpg","width":600,"height":400},{"@type":"BreadcrumbList","@id":"https:\/\/safinstantdz.com\/fr\/saf-instant-fait-etape-en-kabylie-dans-le-village-diguersafene-au-coeur-de-lalgerie-saison-2\/#breadcrumb","itemListElement":[{"@type":"ListItem","position":1,"name":"Home","item":"https:\/\/safinstantdz.com\/fr\/"},{"@type":"ListItem","position":2,"name":"Saf-instant fait \u00e9tape en Kabylie, dans le village d\u2019Iguersafene \u2013 Au C\u0153ur de l\u2019Alg\u00e9rie Saison 2"}]},{"@type":"WebSite","@id":"https:\/\/safinstantdz.com\/ar\/#website","url":"https:\/\/safinstantdz.com\/ar\/","name":"Saf-Instant Alg\u00e9rie","description":"la levure s\u00e8che de r\u00e9f\u00e9rence","potentialAction":[{"@type":"SearchAction","target":{"@type":"EntryPoint","urlTemplate":"https:\/\/safinstantdz.com\/ar\/?s={search_term_string}"},"query-input":{"@type":"PropertyValueSpecification","valueRequired":true,"valueName":"search_term_string"}}],"inLanguage":"fr-FR"},{"@type":"Person","@id":"https:\/\/safinstantdz.com\/ar\/#\/schema\/person\/e81cdfc6f1aca2e077ce4eca2db6c93c","name":"Saf-Instant","image":{"@type":"ImageObject","inLanguage":"fr-FR","@id":"https:\/\/safinstantdz.com\/wp-content\/uploads\/2018\/08\/saf-instant-dz-150x150.png","url":"https:\/\/safinstantdz.com\/wp-content\/uploads\/2018\/08\/saf-instant-dz-150x150.png","contentUrl":"https:\/\/safinstantdz.com\/wp-content\/uploads\/2018\/08\/saf-instant-dz-150x150.png","caption":"Saf-Instant"},"url":"https:\/\/safinstantdz.com\/fr\/author\/olivierovm-communication-fr\/"}]}},"_links":{"self":[{"href":"https:\/\/safinstantdz.com\/fr\/wp-json\/wp\/v2\/posts\/1460","targetHints":{"allow":["GET"]}}],"collection":[{"href":"https:\/\/safinstantdz.com\/fr\/wp-json\/wp\/v2\/posts"}],"about":[{"href":"https:\/\/safinstantdz.com\/fr\/wp-json\/wp\/v2\/types\/post"}],"author":[{"embeddable":true,"href":"https:\/\/safinstantdz.com\/fr\/wp-json\/wp\/v2\/users\/1"}],"replies":[{"embeddable":true,"href":"https:\/\/safinstantdz.com\/fr\/wp-json\/wp\/v2\/comments?post=1460"}],"version-history":[{"count":0,"href":"https:\/\/safinstantdz.com\/fr\/wp-json\/wp\/v2\/posts\/1460\/revisions"}],"wp:featuredmedia":[{"embeddable":true,"href":"https:\/\/safinstantdz.com\/fr\/wp-json\/wp\/v2\/media\/1471"}],"wp:attachment":[{"href":"https:\/\/safinstantdz.com\/fr\/wp-json\/wp\/v2\/media?parent=1460"}],"wp:term":[{"taxonomy":"category","embeddable":true,"href":"https:\/\/safinstantdz.com\/fr\/wp-json\/wp\/v2\/categories?post=1460"},{"taxonomy":"post_tag","embeddable":true,"href":"https:\/\/safinstantdz.com\/fr\/wp-json\/wp\/v2\/tags?post=1460"}],"curies":[{"name":"wp","href":"https:\/\/api.w.org\/{rel}","templated":true}]}}