{"id":528,"date":"2018-07-02T09:42:08","date_gmt":"2018-07-02T07:42:08","guid":{"rendered":"http:\/\/safinstantdz.com\/?p=528"},"modified":"2018-07-12T09:03:06","modified_gmt":"2018-07-12T07:03:06","slug":"questions-a-sherazade-ambassadrice-de-la-marque-saf-instant","status":"publish","type":"post","link":"https:\/\/safinstantdz.com\/fr\/questions-a-sherazade-ambassadrice-de-la-marque-saf-instant\/","title":{"rendered":"Questions \u00e0 Sherazade, ambassadrice de la marque saf-instant"},"content":{"rendered":"<div class=\"wpb-content-wrapper\"><p>[vc_row css_animation=&#8221;&#8221; row_type=&#8221;row&#8221; use_row_as_full_screen_section=&#8221;no&#8221; type=&#8221;full_width&#8221; angled_section=&#8221;no&#8221; text_align=&#8221;left&#8221; background_image_as_pattern=&#8221;without_pattern&#8221; css=&#8221;.vc_custom_1530277480601{padding-top: 10px !important;}&#8221; z_index=&#8221;&#8221;][vc_column][vc_column_text]<\/p>\n<h3><strong>O\u00f9 as-tu grandi\u00a0? Quel est ton parcours\u00a0?<\/strong><\/h3>\n<p>Je suis n\u00e9e \u00e0 Oran en Alg\u00e9rie. J\u2019ai pass\u00e9 mon enfance et une partie de mon adolescence dans cette belle ville, puis sur Remchi \u00e0 Tlemcen. J\u2019ai poursuivi des \u00e9tudes en m\u00e9decine et j\u2019\u00e9tais interne \u00e0 l\u2019h\u00f4pital d\u2019Oran. Je me suis ensuite mari\u00e9e \u00e0 l\u2019\u00e2ge de 24 ans. Aujourd\u2019hui, je vis en France et je suis maman de 3 enfants. C\u2019est en m\u2019occupant de mes deux gar\u00e7ons et de ma fille que j\u2019ai d\u00e9couvert ma passion pour la cuisine. Je suis auteur culinaire du blog \u00ab\u00a0Les Joyaux de Sherazade\u00a0\u00bb que j\u2019ai cr\u00e9\u00e9 en 2011. J\u2019ai \u00e9crit deux ouvrages, \u00ab\u00a0Les joyaux de la cuisine alg\u00e9rienne\u00a0\u00bb et \u00ab\u00a0Ma cuisine alg\u00e9rienne\u00a0\u00bb. Je suis aussi chroniqueuse cuisine sur la cha\u00eene TV France 2 et chef de l\u2019\u00e9mission Lamset Chahrazad sur la chaine Samira TV.[\/vc_column_text][vc_separator type=&#8221;normal&#8221; up=&#8221;15&#8243; down=&#8221;15&#8243;][\/vc_column][\/vc_row][vc_row css_animation=&#8221;&#8221; row_type=&#8221;row&#8221; use_row_as_full_screen_section=&#8221;no&#8221; type=&#8221;full_width&#8221; angled_section=&#8221;no&#8221; text_align=&#8221;left&#8221; background_image_as_pattern=&#8221;without_pattern&#8221;][vc_column width=&#8221;1\/2&#8243;][vc_single_image image=&#8221;514&#8243; img_size=&#8221;full&#8221; qode_css_animation=&#8221;&#8221;][\/vc_column][vc_column width=&#8221;1\/2&#8243;][vc_column_text]<\/p>\n<h3><strong>Quel est ton plus beau souvenir d\u2019enfance\u00a0?<\/strong><\/h3>\n<p>Lorsque j\u2019\u00e9tais petite, j\u2019aillais souvent chez ma grand-m\u00e8re en vacances \u00e0 Bousefar. Ma grand-m\u00e8re me pr\u00e9parait des \u00ab\u00a0mbessess\u00a0\u00bb maison, de d\u00e9licieuses galettes de semoule au beurre. \u00c7a sentait bon dans la maison et c\u2019\u00e9tait si bon\u00a0! Je me souviens que je les d\u00e9gustais en regardant ma grand-m\u00e8re assise sur son tapis en peau de mouton dans sa petite cour.<\/p>\n<p>[\/vc_column_text][\/vc_column][\/vc_row][vc_row css_animation=&#8221;&#8221; row_type=&#8221;row&#8221; use_row_as_full_screen_section=&#8221;no&#8221; type=&#8221;full_width&#8221; angled_section=&#8221;no&#8221; text_align=&#8221;left&#8221; background_image_as_pattern=&#8221;without_pattern&#8221;][vc_column][vc_separator type=&#8221;transparent&#8221; up=&#8221;25&#8243; down=&#8221;15&#8243;][vc_column_text]<\/p>\n<h3><strong>La premi\u00e8re fois que tu as cuisin\u00e9, c\u2019\u00e9tait quel plat et avec qui\u00a0?<\/strong><\/h3>\n<p>J\u2019ai cuisin\u00e9 pour la premi\u00e8re fois une chorba, la soupe traditionnelle alg\u00e9rienne avec l\u2019aide de ma m\u00e8re. Je trouvais ce plat tellement d\u00e9licieux que je voulais apprendre \u00e0 le cuisiner. Selon moi, une bonne chorba doit \u00eatre tr\u00e8s parfum\u00e9e aux \u00e9pices et mon petit secret pour la rendre encore plus savoureuse, c\u2019est d\u2019ajouter des feuilles de menthe.<\/p>\n<p>&nbsp;<\/p>\n<h3><strong>Que repr\u00e9sente saf-instant pour toi\u00a0?<\/strong><\/h3>\n<p>Le bon pain de ma grand-m\u00e8re\u00a0! J\u2019\u00e9tais tr\u00e8s attach\u00e9e \u00e0 ma grand-m\u00e8re, j\u2019ai grandi \u00e0 ses c\u00f4t\u00e9s. Elle faisait son pain tous les jours\u2026Son matlouh el kouchaultra \u00e9tait tr\u00e8s moelleux, tr\u00e8s savoureux et nous le mangions avec une bonne harira, une chorba ou encore un bon tajine. La saf-instant me fait penser \u00e0 tous les merveilleux moments de partage avec ma grand-m\u00e8re. Pour faire du bon pain, ma grand-m\u00e8re savait qu\u2019elle pouvait compter sur saf-instant\u00a0!<\/p>\n<p>&nbsp;<\/p>\n<h3><strong>Quels sont tes souvenirs marquants de l\u2019\u00e9mission au C\u0153ur de l\u2019Alg\u00e9rie\u00a0?<\/strong><\/h3>\n<p>Ce qui m\u2019a marqu\u00e9 le plus pendant toute la dur\u00e9e du tournage de l\u2019\u00e9mission, ce sont les sourires des gens, leur accueil chaleureux, leur g\u00e9n\u00e9rosit\u00e9. C\u2019est d\u2019ailleurs ce qui caract\u00e9rise les alg\u00e9riens\u00a0! J\u2019ai le souvenir d\u2019avoir eu un fou rire chez Sabrina, \u00e0 Constantine. Je n\u2019arrivais pas \u00e0 m\u2019arr\u00eater. La famille que nous eu le plaisir de rencontrer \u00e0 vraiment le sens de l\u2019humour. Le p\u00e8re de famille taquinait sa fille, cela passait par des regards, des gestes\u2026C\u2019\u00e9tait vraiment un bon moment\u00a0!<\/p>\n<p>&nbsp;<\/p>\n<h3><strong>Lorsque tu as du temps libre, que fais-tu\u00a0?<\/strong><\/h3>\n<p>Je profite de mes enfants\u00a0! J\u2019ai une vie professionnelle tr\u00e8s active, je me d\u00e9place beaucoup alors d\u00e8s que je peux, je fais des activit\u00e9s avec mes enfants de 10, 11 et 13 ans. J\u2019aime aussi profiter lorsque j\u2019ai du temps libre de lire des romans en arabe\u00a0! Cela me permet d\u2019entretenir ma langue natale.<\/p>\n<p>&nbsp;<\/p>\n<p>Rendez-vous sur notre <a href=\"https:\/\/www.youtube.com\/channel\/UCk1MfJUpKwmxKJb3CIAWarA\" target=\"_blank\" rel=\"noopener\">chaine YouTube saf-instant Alg\u00e9rie\u00a0<\/a>pour suivre les aventures de Sherazade\u00a0![\/vc_column_text][vc_separator type=&#8221;small&#8221; position=&#8221;center&#8221; up=&#8221;20&#8243; down=&#8221;20&#8243;][\/vc_column][\/vc_row]<\/p>\n<\/div>","protected":false},"excerpt":{"rendered":"<p>Je suis n\u00e9e \u00e0 Oran en Alg\u00e9rie. J\u2019ai pass\u00e9 mon enfance et une partie de mon adolescence dans cette belle ville, puis sur Remchi \u00e0 Tlemcen. J\u2019ai poursuivi des \u00e9tudes en m\u00e9decine et j\u2019\u00e9tais interne \u00e0 l\u2019h\u00f4pital d\u2019Oran. Je me suis ensuite mari\u00e9e \u00e0 l\u2019\u00e2ge de 24 ans. Aujourd\u2019hui, je vis en France et je suis maman de 3 enfants. <\/p>\n","protected":false},"author":1,"featured_media":514,"comment_status":"open","ping_status":"open","sticky":false,"template":"","format":"standard","meta":{"footnotes":""},"categories":[13],"tags":[],"class_list":["post-528","post","type-post","status-publish","format-standard","has-post-thumbnail","hentry","category-actualites"],"yoast_head":"<!-- This site is optimized with the Yoast SEO Premium plugin v19.5 (Yoast SEO v27.5) - https:\/\/yoast.com\/product\/yoast-seo-premium-wordpress\/ -->\n<title>Questions \u00e0 Sherazade, ambassadrice de la marque saf-instant&#8226; Saf-Instant Alg\u00e9rie<\/title>\n<meta name=\"description\" content=\"Je suis n\u00e9e \u00e0 Oran en Alg\u00e9rie. J\u2019ai pass\u00e9 mon enfance et une partie de mon adolescence dans cette belle ville, puis sur Remchi \u00e0 Tlemcen.\" \/>\n<meta name=\"robots\" content=\"index, follow, max-snippet:-1, max-image-preview:large, max-video-preview:-1\" \/>\n<link rel=\"canonical\" href=\"https:\/\/safinstantdz.com\/fr\/questions-a-sherazade-ambassadrice-de-la-marque-saf-instant\/\" \/>\n<meta property=\"og:locale\" content=\"fr_FR\" \/>\n<meta property=\"og:type\" content=\"article\" \/>\n<meta property=\"og:title\" content=\"Questions \u00e0 Sherazade, ambassadrice de la marque saf-instant\" \/>\n<meta property=\"og:description\" content=\"Je suis n\u00e9e \u00e0 Oran en Alg\u00e9rie. J\u2019ai pass\u00e9 mon enfance et une partie de mon adolescence dans cette belle ville, puis sur Remchi \u00e0 Tlemcen.\" \/>\n<meta property=\"og:url\" content=\"https:\/\/safinstantdz.com\/fr\/questions-a-sherazade-ambassadrice-de-la-marque-saf-instant\/\" \/>\n<meta property=\"og:site_name\" content=\"Saf-Instant Alg\u00e9rie\" \/>\n<meta property=\"article:published_time\" content=\"2018-07-02T07:42:08+00:00\" \/>\n<meta property=\"article:modified_time\" content=\"2018-07-12T07:03:06+00:00\" \/>\n<meta property=\"og:image\" content=\"https:\/\/safinstantdz.com\/wp-content\/uploads\/2018\/06\/Interview-de-Sherazade.jpg\" \/>\n\t<meta property=\"og:image:width\" content=\"848\" \/>\n\t<meta property=\"og:image:height\" content=\"636\" \/>\n\t<meta property=\"og:image:type\" content=\"image\/jpeg\" \/>\n<meta name=\"author\" content=\"Saf-Instant\" \/>\n<meta name=\"twitter:card\" content=\"summary_large_image\" \/>\n<meta name=\"twitter:label1\" content=\"\u00c9crit par\" \/>\n\t<meta name=\"twitter:data1\" content=\"Saf-Instant\" \/>\n\t<meta name=\"twitter:label2\" content=\"Dur\u00e9e de lecture estim\u00e9e\" \/>\n\t<meta name=\"twitter:data2\" content=\"4 minutes\" \/>\n<script type=\"application\/ld+json\" class=\"yoast-schema-graph\">{\"@context\":\"https:\\\/\\\/schema.org\",\"@graph\":[{\"@type\":\"Article\",\"@id\":\"https:\\\/\\\/safinstantdz.com\\\/fr\\\/questions-a-sherazade-ambassadrice-de-la-marque-saf-instant\\\/#article\",\"isPartOf\":{\"@id\":\"https:\\\/\\\/safinstantdz.com\\\/fr\\\/questions-a-sherazade-ambassadrice-de-la-marque-saf-instant\\\/\"},\"author\":{\"name\":\"Saf-Instant\",\"@id\":\"https:\\\/\\\/safinstantdz.com\\\/ar\\\/#\\\/schema\\\/person\\\/e81cdfc6f1aca2e077ce4eca2db6c93c\"},\"headline\":\"Questions \u00e0 Sherazade, ambassadrice de la marque saf-instant\",\"datePublished\":\"2018-07-02T07:42:08+00:00\",\"dateModified\":\"2018-07-12T07:03:06+00:00\",\"mainEntityOfPage\":{\"@id\":\"https:\\\/\\\/safinstantdz.com\\\/fr\\\/questions-a-sherazade-ambassadrice-de-la-marque-saf-instant\\\/\"},\"wordCount\":771,\"commentCount\":0,\"image\":{\"@id\":\"https:\\\/\\\/safinstantdz.com\\\/fr\\\/questions-a-sherazade-ambassadrice-de-la-marque-saf-instant\\\/#primaryimage\"},\"thumbnailUrl\":\"https:\\\/\\\/safinstantdz.com\\\/wp-content\\\/uploads\\\/2018\\\/06\\\/Interview-de-Sherazade.jpg\",\"articleSection\":[\"Actualit\u00e9s\"],\"inLanguage\":\"fr-FR\",\"potentialAction\":[{\"@type\":\"CommentAction\",\"name\":\"Comment\",\"target\":[\"https:\\\/\\\/safinstantdz.com\\\/fr\\\/questions-a-sherazade-ambassadrice-de-la-marque-saf-instant\\\/#respond\"]}]},{\"@type\":\"WebPage\",\"@id\":\"https:\\\/\\\/safinstantdz.com\\\/fr\\\/questions-a-sherazade-ambassadrice-de-la-marque-saf-instant\\\/\",\"url\":\"https:\\\/\\\/safinstantdz.com\\\/fr\\\/questions-a-sherazade-ambassadrice-de-la-marque-saf-instant\\\/\",\"name\":\"Questions \u00e0 Sherazade, ambassadrice de la marque saf-instant&#8226; Saf-Instant Alg\u00e9rie\",\"isPartOf\":{\"@id\":\"https:\\\/\\\/safinstantdz.com\\\/ar\\\/#website\"},\"primaryImageOfPage\":{\"@id\":\"https:\\\/\\\/safinstantdz.com\\\/fr\\\/questions-a-sherazade-ambassadrice-de-la-marque-saf-instant\\\/#primaryimage\"},\"image\":{\"@id\":\"https:\\\/\\\/safinstantdz.com\\\/fr\\\/questions-a-sherazade-ambassadrice-de-la-marque-saf-instant\\\/#primaryimage\"},\"thumbnailUrl\":\"https:\\\/\\\/safinstantdz.com\\\/wp-content\\\/uploads\\\/2018\\\/06\\\/Interview-de-Sherazade.jpg\",\"datePublished\":\"2018-07-02T07:42:08+00:00\",\"dateModified\":\"2018-07-12T07:03:06+00:00\",\"author\":{\"@id\":\"https:\\\/\\\/safinstantdz.com\\\/ar\\\/#\\\/schema\\\/person\\\/e81cdfc6f1aca2e077ce4eca2db6c93c\"},\"description\":\"Je suis n\u00e9e \u00e0 Oran en Alg\u00e9rie. J\u2019ai pass\u00e9 mon enfance et une partie de mon adolescence dans cette belle ville, puis sur Remchi \u00e0 Tlemcen.\",\"breadcrumb\":{\"@id\":\"https:\\\/\\\/safinstantdz.com\\\/fr\\\/questions-a-sherazade-ambassadrice-de-la-marque-saf-instant\\\/#breadcrumb\"},\"inLanguage\":\"fr-FR\",\"potentialAction\":[{\"@type\":\"ReadAction\",\"target\":[\"https:\\\/\\\/safinstantdz.com\\\/fr\\\/questions-a-sherazade-ambassadrice-de-la-marque-saf-instant\\\/\"]}]},{\"@type\":\"ImageObject\",\"inLanguage\":\"fr-FR\",\"@id\":\"https:\\\/\\\/safinstantdz.com\\\/fr\\\/questions-a-sherazade-ambassadrice-de-la-marque-saf-instant\\\/#primaryimage\",\"url\":\"https:\\\/\\\/safinstantdz.com\\\/wp-content\\\/uploads\\\/2018\\\/06\\\/Interview-de-Sherazade.jpg\",\"contentUrl\":\"https:\\\/\\\/safinstantdz.com\\\/wp-content\\\/uploads\\\/2018\\\/06\\\/Interview-de-Sherazade.jpg\",\"width\":848,\"height\":636,\"caption\":\"Interview-de-Sherazade\"},{\"@type\":\"BreadcrumbList\",\"@id\":\"https:\\\/\\\/safinstantdz.com\\\/fr\\\/questions-a-sherazade-ambassadrice-de-la-marque-saf-instant\\\/#breadcrumb\",\"itemListElement\":[{\"@type\":\"ListItem\",\"position\":1,\"name\":\"Home\",\"item\":\"https:\\\/\\\/safinstantdz.com\\\/fr\\\/\"},{\"@type\":\"ListItem\",\"position\":2,\"name\":\"Questions \u00e0 Sherazade, ambassadrice de la marque saf-instant\"}]},{\"@type\":\"WebSite\",\"@id\":\"https:\\\/\\\/safinstantdz.com\\\/ar\\\/#website\",\"url\":\"https:\\\/\\\/safinstantdz.com\\\/ar\\\/\",\"name\":\"Saf-Instant Alg\u00e9rie\",\"description\":\"la levure s\u00e8che de r\u00e9f\u00e9rence\",\"potentialAction\":[{\"@type\":\"SearchAction\",\"target\":{\"@type\":\"EntryPoint\",\"urlTemplate\":\"https:\\\/\\\/safinstantdz.com\\\/ar\\\/?s={search_term_string}\"},\"query-input\":{\"@type\":\"PropertyValueSpecification\",\"valueRequired\":true,\"valueName\":\"search_term_string\"}}],\"inLanguage\":\"fr-FR\"},{\"@type\":\"Person\",\"@id\":\"https:\\\/\\\/safinstantdz.com\\\/ar\\\/#\\\/schema\\\/person\\\/e81cdfc6f1aca2e077ce4eca2db6c93c\",\"name\":\"Saf-Instant\",\"image\":{\"@type\":\"ImageObject\",\"inLanguage\":\"fr-FR\",\"@id\":\"https:\\\/\\\/safinstantdz.com\\\/wp-content\\\/uploads\\\/2018\\\/08\\\/saf-instant-dz-150x150.png\",\"url\":\"https:\\\/\\\/safinstantdz.com\\\/wp-content\\\/uploads\\\/2018\\\/08\\\/saf-instant-dz-150x150.png\",\"contentUrl\":\"https:\\\/\\\/safinstantdz.com\\\/wp-content\\\/uploads\\\/2018\\\/08\\\/saf-instant-dz-150x150.png\",\"caption\":\"Saf-Instant\"},\"url\":\"https:\\\/\\\/safinstantdz.com\\\/fr\\\/author\\\/olivierovm-communication-fr\\\/\"}]}<\/script>\n<!-- \/ Yoast SEO Premium plugin. -->","yoast_head_json":{"title":"Questions \u00e0 Sherazade, ambassadrice de la marque saf-instant&#8226; Saf-Instant Alg\u00e9rie","description":"Je suis n\u00e9e \u00e0 Oran en Alg\u00e9rie. J\u2019ai pass\u00e9 mon enfance et une partie de mon adolescence dans cette belle ville, puis sur Remchi \u00e0 Tlemcen.","robots":{"index":"index","follow":"follow","max-snippet":"max-snippet:-1","max-image-preview":"max-image-preview:large","max-video-preview":"max-video-preview:-1"},"canonical":"https:\/\/safinstantdz.com\/fr\/questions-a-sherazade-ambassadrice-de-la-marque-saf-instant\/","og_locale":"fr_FR","og_type":"article","og_title":"Questions \u00e0 Sherazade, ambassadrice de la marque saf-instant","og_description":"Je suis n\u00e9e \u00e0 Oran en Alg\u00e9rie. J\u2019ai pass\u00e9 mon enfance et une partie de mon adolescence dans cette belle ville, puis sur Remchi \u00e0 Tlemcen.","og_url":"https:\/\/safinstantdz.com\/fr\/questions-a-sherazade-ambassadrice-de-la-marque-saf-instant\/","og_site_name":"Saf-Instant Alg\u00e9rie","article_published_time":"2018-07-02T07:42:08+00:00","article_modified_time":"2018-07-12T07:03:06+00:00","og_image":[{"width":848,"height":636,"url":"https:\/\/safinstantdz.com\/wp-content\/uploads\/2018\/06\/Interview-de-Sherazade.jpg","type":"image\/jpeg"}],"author":"Saf-Instant","twitter_card":"summary_large_image","twitter_misc":{"\u00c9crit par":"Saf-Instant","Dur\u00e9e de lecture estim\u00e9e":"4 minutes"},"schema":{"@context":"https:\/\/schema.org","@graph":[{"@type":"Article","@id":"https:\/\/safinstantdz.com\/fr\/questions-a-sherazade-ambassadrice-de-la-marque-saf-instant\/#article","isPartOf":{"@id":"https:\/\/safinstantdz.com\/fr\/questions-a-sherazade-ambassadrice-de-la-marque-saf-instant\/"},"author":{"name":"Saf-Instant","@id":"https:\/\/safinstantdz.com\/ar\/#\/schema\/person\/e81cdfc6f1aca2e077ce4eca2db6c93c"},"headline":"Questions \u00e0 Sherazade, ambassadrice de la marque saf-instant","datePublished":"2018-07-02T07:42:08+00:00","dateModified":"2018-07-12T07:03:06+00:00","mainEntityOfPage":{"@id":"https:\/\/safinstantdz.com\/fr\/questions-a-sherazade-ambassadrice-de-la-marque-saf-instant\/"},"wordCount":771,"commentCount":0,"image":{"@id":"https:\/\/safinstantdz.com\/fr\/questions-a-sherazade-ambassadrice-de-la-marque-saf-instant\/#primaryimage"},"thumbnailUrl":"https:\/\/safinstantdz.com\/wp-content\/uploads\/2018\/06\/Interview-de-Sherazade.jpg","articleSection":["Actualit\u00e9s"],"inLanguage":"fr-FR","potentialAction":[{"@type":"CommentAction","name":"Comment","target":["https:\/\/safinstantdz.com\/fr\/questions-a-sherazade-ambassadrice-de-la-marque-saf-instant\/#respond"]}]},{"@type":"WebPage","@id":"https:\/\/safinstantdz.com\/fr\/questions-a-sherazade-ambassadrice-de-la-marque-saf-instant\/","url":"https:\/\/safinstantdz.com\/fr\/questions-a-sherazade-ambassadrice-de-la-marque-saf-instant\/","name":"Questions \u00e0 Sherazade, ambassadrice de la marque saf-instant&#8226; Saf-Instant Alg\u00e9rie","isPartOf":{"@id":"https:\/\/safinstantdz.com\/ar\/#website"},"primaryImageOfPage":{"@id":"https:\/\/safinstantdz.com\/fr\/questions-a-sherazade-ambassadrice-de-la-marque-saf-instant\/#primaryimage"},"image":{"@id":"https:\/\/safinstantdz.com\/fr\/questions-a-sherazade-ambassadrice-de-la-marque-saf-instant\/#primaryimage"},"thumbnailUrl":"https:\/\/safinstantdz.com\/wp-content\/uploads\/2018\/06\/Interview-de-Sherazade.jpg","datePublished":"2018-07-02T07:42:08+00:00","dateModified":"2018-07-12T07:03:06+00:00","author":{"@id":"https:\/\/safinstantdz.com\/ar\/#\/schema\/person\/e81cdfc6f1aca2e077ce4eca2db6c93c"},"description":"Je suis n\u00e9e \u00e0 Oran en Alg\u00e9rie. J\u2019ai pass\u00e9 mon enfance et une partie de mon adolescence dans cette belle ville, puis sur Remchi \u00e0 Tlemcen.","breadcrumb":{"@id":"https:\/\/safinstantdz.com\/fr\/questions-a-sherazade-ambassadrice-de-la-marque-saf-instant\/#breadcrumb"},"inLanguage":"fr-FR","potentialAction":[{"@type":"ReadAction","target":["https:\/\/safinstantdz.com\/fr\/questions-a-sherazade-ambassadrice-de-la-marque-saf-instant\/"]}]},{"@type":"ImageObject","inLanguage":"fr-FR","@id":"https:\/\/safinstantdz.com\/fr\/questions-a-sherazade-ambassadrice-de-la-marque-saf-instant\/#primaryimage","url":"https:\/\/safinstantdz.com\/wp-content\/uploads\/2018\/06\/Interview-de-Sherazade.jpg","contentUrl":"https:\/\/safinstantdz.com\/wp-content\/uploads\/2018\/06\/Interview-de-Sherazade.jpg","width":848,"height":636,"caption":"Interview-de-Sherazade"},{"@type":"BreadcrumbList","@id":"https:\/\/safinstantdz.com\/fr\/questions-a-sherazade-ambassadrice-de-la-marque-saf-instant\/#breadcrumb","itemListElement":[{"@type":"ListItem","position":1,"name":"Home","item":"https:\/\/safinstantdz.com\/fr\/"},{"@type":"ListItem","position":2,"name":"Questions \u00e0 Sherazade, ambassadrice de la marque saf-instant"}]},{"@type":"WebSite","@id":"https:\/\/safinstantdz.com\/ar\/#website","url":"https:\/\/safinstantdz.com\/ar\/","name":"Saf-Instant Alg\u00e9rie","description":"la levure s\u00e8che de r\u00e9f\u00e9rence","potentialAction":[{"@type":"SearchAction","target":{"@type":"EntryPoint","urlTemplate":"https:\/\/safinstantdz.com\/ar\/?s={search_term_string}"},"query-input":{"@type":"PropertyValueSpecification","valueRequired":true,"valueName":"search_term_string"}}],"inLanguage":"fr-FR"},{"@type":"Person","@id":"https:\/\/safinstantdz.com\/ar\/#\/schema\/person\/e81cdfc6f1aca2e077ce4eca2db6c93c","name":"Saf-Instant","image":{"@type":"ImageObject","inLanguage":"fr-FR","@id":"https:\/\/safinstantdz.com\/wp-content\/uploads\/2018\/08\/saf-instant-dz-150x150.png","url":"https:\/\/safinstantdz.com\/wp-content\/uploads\/2018\/08\/saf-instant-dz-150x150.png","contentUrl":"https:\/\/safinstantdz.com\/wp-content\/uploads\/2018\/08\/saf-instant-dz-150x150.png","caption":"Saf-Instant"},"url":"https:\/\/safinstantdz.com\/fr\/author\/olivierovm-communication-fr\/"}]}},"_links":{"self":[{"href":"https:\/\/safinstantdz.com\/fr\/wp-json\/wp\/v2\/posts\/528","targetHints":{"allow":["GET"]}}],"collection":[{"href":"https:\/\/safinstantdz.com\/fr\/wp-json\/wp\/v2\/posts"}],"about":[{"href":"https:\/\/safinstantdz.com\/fr\/wp-json\/wp\/v2\/types\/post"}],"author":[{"embeddable":true,"href":"https:\/\/safinstantdz.com\/fr\/wp-json\/wp\/v2\/users\/1"}],"replies":[{"embeddable":true,"href":"https:\/\/safinstantdz.com\/fr\/wp-json\/wp\/v2\/comments?post=528"}],"version-history":[{"count":0,"href":"https:\/\/safinstantdz.com\/fr\/wp-json\/wp\/v2\/posts\/528\/revisions"}],"wp:featuredmedia":[{"embeddable":true,"href":"https:\/\/safinstantdz.com\/fr\/wp-json\/wp\/v2\/media\/514"}],"wp:attachment":[{"href":"https:\/\/safinstantdz.com\/fr\/wp-json\/wp\/v2\/media?parent=528"}],"wp:term":[{"taxonomy":"category","embeddable":true,"href":"https:\/\/safinstantdz.com\/fr\/wp-json\/wp\/v2\/categories?post=528"},{"taxonomy":"post_tag","embeddable":true,"href":"https:\/\/safinstantdz.com\/fr\/wp-json\/wp\/v2\/tags?post=528"}],"curies":[{"name":"wp","href":"https:\/\/api.w.org\/{rel}","templated":true}]}}